{"id":3525,"date":"2019-11-07T11:44:42","date_gmt":"2019-11-07T10:44:42","guid":{"rendered":"http:\/\/www.julia-oschewsky.de\/de\/?p=3525"},"modified":"2020-07-25T11:47:42","modified_gmt":"2020-07-25T09:47:42","slug":"baby-pause","status":"publish","type":"post","link":"https:\/\/www.julia-oschewsky.de\/de\/news\/baby-pause\/","title":{"rendered":"Baby-Pause"},"content":{"rendered":"<style type=\"text\/css\"><\/style><p>Schon jetzt 1000 DANK Euch allen f\u00fcr ein gro\u00dfartiges 2019! F\u00fcr alle Unterst\u00fctzung und die zahlreichen Konzerte! Es war \u00fcberw\u00e4ltigend und unglaublich bereichernd! Mit einer wunderbaren Erinnerung an das <a href=\"https:\/\/www.facebook.com\/duo.kleingartenanlage\/videos\/508344210018568\/\" target=\"_blank\" rel=\"noopener noreferrer\">Support-Konzert<\/a> von &#8218;Kleingartenanlage&#8216; f\u00fcr Michael Schulte verabschiede ich mich in eine Baby-Pause. Ein kleines gro\u00dfes Wunder ist unterwegs :-))) Haltet meine Webseite aber gerne weiterhin im Auge, es geht nat\u00fcrlich weiter in 2020!<\/p>\n\n\n<p><\/p>\n","protected":false},"excerpt":{"rendered":"<p>Schon jetzt 1000 DANK Euch allen f\u00fcr ein gro\u00dfartiges 2019! F\u00fcr alle Unterst\u00fctzung und die zahlreichen Konzerte! Es war \u00fcberw\u00e4ltigend und unglaublich bereichernd! Mit einer wunderbaren Erinnerung an&#8230; <\/p>\n","protected":false},"author":2,"featured_media":3585,"comment_status":"closed","ping_status":"closed","sticky":false,"template":"","format":"image","meta":{"footnotes":""},"categories":[6],"tags":[],"class_list":["post-3525","post","type-post","status-publish","format-image","has-post-thumbnail","hentry","category-news","post_format-post-format-image"],"yoast_head":"<!-- This site is optimized with the Yoast SEO plugin v27.4 - https:\/\/yoast.com\/product\/yoast-seo-wordpress\/ -->\n<title>Baby-Pause - Julia Oschewsky<\/title>\n<meta name=\"robots\" content=\"index, follow, max-snippet:-1, max-image-preview:large, max-video-preview:-1\" \/>\n<link rel=\"canonical\" href=\"https:\/\/www.julia-oschewsky.de\/de\/news\/baby-pause\/\" \/>\n<meta property=\"og:locale\" content=\"de_DE\" \/>\n<meta property=\"og:type\" content=\"article\" \/>\n<meta property=\"og:title\" content=\"Baby-Pause - Julia Oschewsky\" \/>\n<meta property=\"og:description\" content=\"Schon jetzt 1000 DANK Euch allen f\u00fcr ein gro\u00dfartiges 2019! F\u00fcr alle Unterst\u00fctzung und die zahlreichen Konzerte! Es war \u00fcberw\u00e4ltigend und unglaublich bereichernd! Mit einer wunderbaren Erinnerung an...\" \/>\n<meta property=\"og:url\" content=\"https:\/\/www.julia-oschewsky.de\/de\/news\/baby-pause\/\" \/>\n<meta property=\"og:site_name\" content=\"Julia Oschewsky\" \/>\n<meta property=\"article:published_time\" content=\"2019-11-07T10:44:42+00:00\" \/>\n<meta property=\"article:modified_time\" content=\"2020-07-25T09:47:42+00:00\" \/>\n<meta property=\"og:image\" content=\"https:\/\/www.julia-oschewsky.de\/de\/wp-content\/uploads\/2019\/11\/News-Babypause-scaled.jpg\" \/>\n\t<meta property=\"og:image:width\" content=\"2560\" \/>\n\t<meta property=\"og:image:height\" content=\"1707\" \/>\n\t<meta property=\"og:image:type\" content=\"image\/jpeg\" \/>\n<meta name=\"author\" content=\"Julia Oschewsky\" \/>\n<meta name=\"twitter:card\" content=\"summary_large_image\" \/>\n<meta name=\"twitter:label1\" content=\"Verfasst von\" \/>\n\t<meta name=\"twitter:data1\" content=\"Julia Oschewsky\" \/>\n<script type=\"application\/ld+json\" class=\"yoast-schema-graph\">{\"@context\":\"https:\\\/\\\/schema.org\",\"@graph\":[{\"@type\":\"Article\",\"@id\":\"https:\\\/\\\/www.julia-oschewsky.de\\\/de\\\/news\\\/baby-pause\\\/#article\",\"isPartOf\":{\"@id\":\"https:\\\/\\\/www.julia-oschewsky.de\\\/de\\\/news\\\/baby-pause\\\/\"},\"author\":{\"name\":\"Julia Oschewsky\",\"@id\":\"https:\\\/\\\/www.julia-oschewsky.de\\\/de\\\/#\\\/schema\\\/person\\\/a14aacada080d8f680fffb6365f8a4a1\"},\"headline\":\"Baby-Pause\",\"datePublished\":\"2019-11-07T10:44:42+00:00\",\"dateModified\":\"2020-07-25T09:47:42+00:00\",\"mainEntityOfPage\":{\"@id\":\"https:\\\/\\\/www.julia-oschewsky.de\\\/de\\\/news\\\/baby-pause\\\/\"},\"wordCount\":68,\"image\":{\"@id\":\"https:\\\/\\\/www.julia-oschewsky.de\\\/de\\\/news\\\/baby-pause\\\/#primaryimage\"},\"thumbnailUrl\":\"https:\\\/\\\/www.julia-oschewsky.de\\\/de\\\/wp-content\\\/uploads\\\/2019\\\/11\\\/News-Babypause-scaled.jpg\",\"articleSection\":[\"NEWS\"],\"inLanguage\":\"de\"},{\"@type\":\"WebPage\",\"@id\":\"https:\\\/\\\/www.julia-oschewsky.de\\\/de\\\/news\\\/baby-pause\\\/\",\"url\":\"https:\\\/\\\/www.julia-oschewsky.de\\\/de\\\/news\\\/baby-pause\\\/\",\"name\":\"Baby-Pause - Julia Oschewsky\",\"isPartOf\":{\"@id\":\"https:\\\/\\\/www.julia-oschewsky.de\\\/de\\\/#website\"},\"primaryImageOfPage\":{\"@id\":\"https:\\\/\\\/www.julia-oschewsky.de\\\/de\\\/news\\\/baby-pause\\\/#primaryimage\"},\"image\":{\"@id\":\"https:\\\/\\\/www.julia-oschewsky.de\\\/de\\\/news\\\/baby-pause\\\/#primaryimage\"},\"thumbnailUrl\":\"https:\\\/\\\/www.julia-oschewsky.de\\\/de\\\/wp-content\\\/uploads\\\/2019\\\/11\\\/News-Babypause-scaled.jpg\",\"datePublished\":\"2019-11-07T10:44:42+00:00\",\"dateModified\":\"2020-07-25T09:47:42+00:00\",\"author\":{\"@id\":\"https:\\\/\\\/www.julia-oschewsky.de\\\/de\\\/#\\\/schema\\\/person\\\/a14aacada080d8f680fffb6365f8a4a1\"},\"breadcrumb\":{\"@id\":\"https:\\\/\\\/www.julia-oschewsky.de\\\/de\\\/news\\\/baby-pause\\\/#breadcrumb\"},\"inLanguage\":\"de\",\"potentialAction\":[{\"@type\":\"ReadAction\",\"target\":[\"https:\\\/\\\/www.julia-oschewsky.de\\\/de\\\/news\\\/baby-pause\\\/\"]}]},{\"@type\":\"ImageObject\",\"inLanguage\":\"de\",\"@id\":\"https:\\\/\\\/www.julia-oschewsky.de\\\/de\\\/news\\\/baby-pause\\\/#primaryimage\",\"url\":\"https:\\\/\\\/www.julia-oschewsky.de\\\/de\\\/wp-content\\\/uploads\\\/2019\\\/11\\\/News-Babypause-scaled.jpg\",\"contentUrl\":\"https:\\\/\\\/www.julia-oschewsky.de\\\/de\\\/wp-content\\\/uploads\\\/2019\\\/11\\\/News-Babypause-scaled.jpg\",\"width\":2560,\"height\":1707},{\"@type\":\"BreadcrumbList\",\"@id\":\"https:\\\/\\\/www.julia-oschewsky.de\\\/de\\\/news\\\/baby-pause\\\/#breadcrumb\",\"itemListElement\":[{\"@type\":\"ListItem\",\"position\":1,\"name\":\"Home\",\"item\":\"https:\\\/\\\/www.julia-oschewsky.de\\\/de\\\/\"},{\"@type\":\"ListItem\",\"position\":2,\"name\":\"Baby-Pause\"}]},{\"@type\":\"WebSite\",\"@id\":\"https:\\\/\\\/www.julia-oschewsky.de\\\/de\\\/#website\",\"url\":\"https:\\\/\\\/www.julia-oschewsky.de\\\/de\\\/\",\"name\":\"Julia Oschewsky\",\"description\":\"\",\"potentialAction\":[{\"@type\":\"SearchAction\",\"target\":{\"@type\":\"EntryPoint\",\"urlTemplate\":\"https:\\\/\\\/www.julia-oschewsky.de\\\/de\\\/?s={search_term_string}\"},\"query-input\":{\"@type\":\"PropertyValueSpecification\",\"valueRequired\":true,\"valueName\":\"search_term_string\"}}],\"inLanguage\":\"de\"},{\"@type\":\"Person\",\"@id\":\"https:\\\/\\\/www.julia-oschewsky.de\\\/de\\\/#\\\/schema\\\/person\\\/a14aacada080d8f680fffb6365f8a4a1\",\"name\":\"Julia Oschewsky\",\"image\":{\"@type\":\"ImageObject\",\"inLanguage\":\"de\",\"@id\":\"https:\\\/\\\/secure.gravatar.com\\\/avatar\\\/a3066399ea0f2b78aa3d68b3d9dbb1557e1ff151274e35fb5364e8768f41d8e7?s=96&d=mm&r=g\",\"url\":\"https:\\\/\\\/secure.gravatar.com\\\/avatar\\\/a3066399ea0f2b78aa3d68b3d9dbb1557e1ff151274e35fb5364e8768f41d8e7?s=96&d=mm&r=g\",\"contentUrl\":\"https:\\\/\\\/secure.gravatar.com\\\/avatar\\\/a3066399ea0f2b78aa3d68b3d9dbb1557e1ff151274e35fb5364e8768f41d8e7?s=96&d=mm&r=g\",\"caption\":\"Julia Oschewsky\"},\"url\":\"https:\\\/\\\/www.julia-oschewsky.de\\\/de\\\/author\\\/julia\\\/\"}]}<\/script>\n<!-- \/ Yoast SEO plugin. -->","yoast_head_json":{"title":"Baby-Pause - Julia Oschewsky","robots":{"index":"index","follow":"follow","max-snippet":"max-snippet:-1","max-image-preview":"max-image-preview:large","max-video-preview":"max-video-preview:-1"},"canonical":"https:\/\/www.julia-oschewsky.de\/de\/news\/baby-pause\/","og_locale":"de_DE","og_type":"article","og_title":"Baby-Pause - Julia Oschewsky","og_description":"Schon jetzt 1000 DANK Euch allen f\u00fcr ein gro\u00dfartiges 2019! F\u00fcr alle Unterst\u00fctzung und die zahlreichen Konzerte! Es war \u00fcberw\u00e4ltigend und unglaublich bereichernd! Mit einer wunderbaren Erinnerung an...","og_url":"https:\/\/www.julia-oschewsky.de\/de\/news\/baby-pause\/","og_site_name":"Julia Oschewsky","article_published_time":"2019-11-07T10:44:42+00:00","article_modified_time":"2020-07-25T09:47:42+00:00","og_image":[{"width":2560,"height":1707,"url":"https:\/\/www.julia-oschewsky.de\/de\/wp-content\/uploads\/2019\/11\/News-Babypause-scaled.jpg","type":"image\/jpeg"}],"author":"Julia Oschewsky","twitter_card":"summary_large_image","twitter_misc":{"Verfasst von":"Julia Oschewsky"},"schema":{"@context":"https:\/\/schema.org","@graph":[{"@type":"Article","@id":"https:\/\/www.julia-oschewsky.de\/de\/news\/baby-pause\/#article","isPartOf":{"@id":"https:\/\/www.julia-oschewsky.de\/de\/news\/baby-pause\/"},"author":{"name":"Julia Oschewsky","@id":"https:\/\/www.julia-oschewsky.de\/de\/#\/schema\/person\/a14aacada080d8f680fffb6365f8a4a1"},"headline":"Baby-Pause","datePublished":"2019-11-07T10:44:42+00:00","dateModified":"2020-07-25T09:47:42+00:00","mainEntityOfPage":{"@id":"https:\/\/www.julia-oschewsky.de\/de\/news\/baby-pause\/"},"wordCount":68,"image":{"@id":"https:\/\/www.julia-oschewsky.de\/de\/news\/baby-pause\/#primaryimage"},"thumbnailUrl":"https:\/\/www.julia-oschewsky.de\/de\/wp-content\/uploads\/2019\/11\/News-Babypause-scaled.jpg","articleSection":["NEWS"],"inLanguage":"de"},{"@type":"WebPage","@id":"https:\/\/www.julia-oschewsky.de\/de\/news\/baby-pause\/","url":"https:\/\/www.julia-oschewsky.de\/de\/news\/baby-pause\/","name":"Baby-Pause - Julia Oschewsky","isPartOf":{"@id":"https:\/\/www.julia-oschewsky.de\/de\/#website"},"primaryImageOfPage":{"@id":"https:\/\/www.julia-oschewsky.de\/de\/news\/baby-pause\/#primaryimage"},"image":{"@id":"https:\/\/www.julia-oschewsky.de\/de\/news\/baby-pause\/#primaryimage"},"thumbnailUrl":"https:\/\/www.julia-oschewsky.de\/de\/wp-content\/uploads\/2019\/11\/News-Babypause-scaled.jpg","datePublished":"2019-11-07T10:44:42+00:00","dateModified":"2020-07-25T09:47:42+00:00","author":{"@id":"https:\/\/www.julia-oschewsky.de\/de\/#\/schema\/person\/a14aacada080d8f680fffb6365f8a4a1"},"breadcrumb":{"@id":"https:\/\/www.julia-oschewsky.de\/de\/news\/baby-pause\/#breadcrumb"},"inLanguage":"de","potentialAction":[{"@type":"ReadAction","target":["https:\/\/www.julia-oschewsky.de\/de\/news\/baby-pause\/"]}]},{"@type":"ImageObject","inLanguage":"de","@id":"https:\/\/www.julia-oschewsky.de\/de\/news\/baby-pause\/#primaryimage","url":"https:\/\/www.julia-oschewsky.de\/de\/wp-content\/uploads\/2019\/11\/News-Babypause-scaled.jpg","contentUrl":"https:\/\/www.julia-oschewsky.de\/de\/wp-content\/uploads\/2019\/11\/News-Babypause-scaled.jpg","width":2560,"height":1707},{"@type":"BreadcrumbList","@id":"https:\/\/www.julia-oschewsky.de\/de\/news\/baby-pause\/#breadcrumb","itemListElement":[{"@type":"ListItem","position":1,"name":"Home","item":"https:\/\/www.julia-oschewsky.de\/de\/"},{"@type":"ListItem","position":2,"name":"Baby-Pause"}]},{"@type":"WebSite","@id":"https:\/\/www.julia-oschewsky.de\/de\/#website","url":"https:\/\/www.julia-oschewsky.de\/de\/","name":"Julia Oschewsky","description":"","potentialAction":[{"@type":"SearchAction","target":{"@type":"EntryPoint","urlTemplate":"https:\/\/www.julia-oschewsky.de\/de\/?s={search_term_string}"},"query-input":{"@type":"PropertyValueSpecification","valueRequired":true,"valueName":"search_term_string"}}],"inLanguage":"de"},{"@type":"Person","@id":"https:\/\/www.julia-oschewsky.de\/de\/#\/schema\/person\/a14aacada080d8f680fffb6365f8a4a1","name":"Julia Oschewsky","image":{"@type":"ImageObject","inLanguage":"de","@id":"https:\/\/secure.gravatar.com\/avatar\/a3066399ea0f2b78aa3d68b3d9dbb1557e1ff151274e35fb5364e8768f41d8e7?s=96&d=mm&r=g","url":"https:\/\/secure.gravatar.com\/avatar\/a3066399ea0f2b78aa3d68b3d9dbb1557e1ff151274e35fb5364e8768f41d8e7?s=96&d=mm&r=g","contentUrl":"https:\/\/secure.gravatar.com\/avatar\/a3066399ea0f2b78aa3d68b3d9dbb1557e1ff151274e35fb5364e8768f41d8e7?s=96&d=mm&r=g","caption":"Julia Oschewsky"},"url":"https:\/\/www.julia-oschewsky.de\/de\/author\/julia\/"}]}},"_links":{"self":[{"href":"https:\/\/www.julia-oschewsky.de\/de\/wp-json\/wp\/v2\/posts\/3525","targetHints":{"allow":["GET"]}}],"collection":[{"href":"https:\/\/www.julia-oschewsky.de\/de\/wp-json\/wp\/v2\/posts"}],"about":[{"href":"https:\/\/www.julia-oschewsky.de\/de\/wp-json\/wp\/v2\/types\/post"}],"author":[{"embeddable":true,"href":"https:\/\/www.julia-oschewsky.de\/de\/wp-json\/wp\/v2\/users\/2"}],"replies":[{"embeddable":true,"href":"https:\/\/www.julia-oschewsky.de\/de\/wp-json\/wp\/v2\/comments?post=3525"}],"version-history":[{"count":8,"href":"https:\/\/www.julia-oschewsky.de\/de\/wp-json\/wp\/v2\/posts\/3525\/revisions"}],"predecessor-version":[{"id":3596,"href":"https:\/\/www.julia-oschewsky.de\/de\/wp-json\/wp\/v2\/posts\/3525\/revisions\/3596"}],"wp:featuredmedia":[{"embeddable":true,"href":"https:\/\/www.julia-oschewsky.de\/de\/wp-json\/wp\/v2\/media\/3585"}],"wp:attachment":[{"href":"https:\/\/www.julia-oschewsky.de\/de\/wp-json\/wp\/v2\/media?parent=3525"}],"wp:term":[{"taxonomy":"category","embeddable":true,"href":"https:\/\/www.julia-oschewsky.de\/de\/wp-json\/wp\/v2\/categories?post=3525"},{"taxonomy":"post_tag","embeddable":true,"href":"https:\/\/www.julia-oschewsky.de\/de\/wp-json\/wp\/v2\/tags?post=3525"}],"curies":[{"name":"wp","href":"https:\/\/api.w.org\/{rel}","templated":true}]}}